{"id":98,"date":"2026-05-05T10:39:27","date_gmt":"2026-05-05T08:39:27","guid":{"rendered":"https:\/\/site7.monsitecommeunpro.fr\/?p=98"},"modified":"2026-05-05T11:04:54","modified_gmt":"2026-05-05T09:04:54","slug":"les-femmes-de-leconomie","status":"publish","type":"post","link":"https:\/\/site7.monsitecommeunpro.fr\/index.php\/2026\/05\/05\/les-femmes-de-leconomie\/","title":{"rendered":"Les femmes de l&rsquo;\u00e9conomie"},"content":{"rendered":"\n<p class=\"wp-block-paragraph\">L&rsquo;association \u00ab <a href=\"https:\/\/www.alternatives-economiques.fr\/publication\/femmes-ont-transforme-leconomie\/197001010100-00093061.html\">Les Femmes de l&rsquo;\u00e9conomie<\/a> \u00bb incite les femmes \u00e0 se rencontrer \u00e0 travers des rendez-vous entre adh\u00e9rentes pour renforcer leur place dans le tissu \u00e9conomique de leur r\u00e9gion. Pour promouvoir au mieux les femmes dans la sph\u00e8re professionnelle, le r\u00e9seau organise les \u00ab\u00a0Troph\u00e9es des Femmes de l&rsquo;\u00e9conomie\u00a0\u00bb<br>Le troph\u00e9e r\u00e9compense les entrepreneuses contribuant activement au d\u00e9veloppement \u00e9conomique de leur territoire, mais \u00e9galement les femmes porteuses d&rsquo;un projet innovant. Am\u00e9lle Loret-Scherrer, dirigeante de La Sabl\u00e9sienne, a re\u00e7u \u00e0 Lyon fin avrille prix d&rsquo;argent duroph\u00e9e &amp; <a href=\"https:\/\/site7.monsitecommeunpro.fr\/index.php\/a-propos\/\">Les femmes<\/a> de l&rsquo;\u00e9conomie \u00bb. Elle \u00e9tait la repr\u00e9sentante des Pays de la Loire \u00e0 ce concours national. \u00ab J&rsquo;esp\u00e8re que cela va montrer aux femmes qui h\u00e9sitent \u00e0 s&rsquo;engager dans une vie d&rsquo;entrepreneur que c&rsquo;est possible. G\u00e9rer et d\u00e9velopper une entreprise n&rsquo;est pas incompatible avec une vie de famille et des enfants. \u00bb \u00c2g\u00e9e de 52 ans, elle est aux commandes de la biscuiterie La Sabl\u00e9sienne depuis 2003.<\/p>\n\n\n\n<figure class=\"wp-block-gallery has-nested-images columns-default is-cropped wp-block-gallery-1 is-layout-flex wp-block-gallery-is-layout-flex\">\n<figure class=\"wp-block-image size-large\"><img loading=\"lazy\" decoding=\"async\" width=\"1024\" height=\"684\" data-id=\"99\" src=\"https:\/\/site7.monsitecommeunpro.fr\/wp-content\/uploads\/2026\/05\/pexels-photo-7895765-7895765-1024x684.jpg\" alt=\"Three young women happily walking on a pier in Portugal, enjoying a moment of friendship and joy.\" class=\"wp-image-99\" srcset=\"https:\/\/site7.monsitecommeunpro.fr\/wp-content\/uploads\/2026\/05\/pexels-photo-7895765-7895765-1024x684.jpg 1024w, https:\/\/site7.monsitecommeunpro.fr\/wp-content\/uploads\/2026\/05\/pexels-photo-7895765-7895765-300x200.jpg 300w, https:\/\/site7.monsitecommeunpro.fr\/wp-content\/uploads\/2026\/05\/pexels-photo-7895765-7895765-768x513.jpg 768w, https:\/\/site7.monsitecommeunpro.fr\/wp-content\/uploads\/2026\/05\/pexels-photo-7895765-7895765-1536x1025.jpg 1536w, https:\/\/site7.monsitecommeunpro.fr\/wp-content\/uploads\/2026\/05\/pexels-photo-7895765-7895765-2048x1367.jpg 2048w\" sizes=\"auto, (max-width: 1024px) 100vw, 1024px\" \/><\/figure>\n\n\n\n<figure class=\"wp-block-image size-large\"><img loading=\"lazy\" decoding=\"async\" width=\"1024\" height=\"683\" data-id=\"100\" src=\"https:\/\/site7.monsitecommeunpro.fr\/wp-content\/uploads\/2026\/05\/pexels-photo-4495803-4495803-1024x683.jpg\" alt=\"Unrecognizable male holding Russian bills while standing on blossom field during trip on countryside on daytime\" class=\"wp-image-100\" srcset=\"https:\/\/site7.monsitecommeunpro.fr\/wp-content\/uploads\/2026\/05\/pexels-photo-4495803-4495803-1024x683.jpg 1024w, https:\/\/site7.monsitecommeunpro.fr\/wp-content\/uploads\/2026\/05\/pexels-photo-4495803-4495803-300x200.jpg 300w, https:\/\/site7.monsitecommeunpro.fr\/wp-content\/uploads\/2026\/05\/pexels-photo-4495803-4495803-768x512.jpg 768w, https:\/\/site7.monsitecommeunpro.fr\/wp-content\/uploads\/2026\/05\/pexels-photo-4495803-4495803-1536x1024.jpg 1536w, https:\/\/site7.monsitecommeunpro.fr\/wp-content\/uploads\/2026\/05\/pexels-photo-4495803-4495803-2048x1365.jpg 2048w\" sizes=\"auto, (max-width: 1024px) 100vw, 1024px\" \/><\/figure>\n<\/figure>\n","protected":false},"excerpt":{"rendered":"<p>L&rsquo;association \u00ab Les Femmes de l&rsquo;\u00e9conomie \u00bb incite les femmes \u00e0 se rencontrer \u00e0 travers des rendez-vous entre adh\u00e9rentes pour [&hellip;]<\/p>\n","protected":false},"author":2,"featured_media":0,"comment_status":"open","ping_status":"open","sticky":false,"template":"","format":"standard","meta":{"_uag_custom_page_level_css":"","site-sidebar-layout":"default","site-content-layout":"","ast-site-content-layout":"default","site-content-style":"default","site-sidebar-style":"default","ast-global-header-display":"","ast-banner-title-visibility":"","ast-main-header-display":"","ast-hfb-above-header-display":"","ast-hfb-below-header-display":"","ast-hfb-mobile-header-display":"","site-post-title":"","ast-breadcrumbs-content":"","ast-featured-img":"","footer-sml-layout":"","theme-transparent-header-meta":"","adv-header-id-meta":"","stick-header-meta":"","header-above-stick-meta":"","header-main-stick-meta":"","header-below-stick-meta":"","astra-migrate-meta-layouts":"default","ast-page-background-enabled":"default","ast-page-background-meta":{"desktop":{"background-color":"var(--ast-global-color-5)","background-image":"","background-repeat":"repeat","background-position":"center center","background-size":"auto","background-attachment":"scroll","background-type":"","background-media":"","overlay-type":"","overlay-color":"","overlay-opacity":"","overlay-gradient":""},"tablet":{"background-color":"","background-image":"","background-repeat":"repeat","background-position":"center center","background-size":"auto","background-attachment":"scroll","background-type":"","background-media":"","overlay-type":"","overlay-color":"","overlay-opacity":"","overlay-gradient":""},"mobile":{"background-color":"","background-image":"","background-repeat":"repeat","background-position":"center center","background-size":"auto","background-attachment":"scroll","background-type":"","background-media":"","overlay-type":"","overlay-color":"","overlay-opacity":"","overlay-gradient":""}},"ast-content-background-meta":{"desktop":{"background-color":"var(--ast-global-color-4)","background-image":"","background-repeat":"repeat","background-position":"center center","background-size":"auto","background-attachment":"scroll","background-type":"","background-media":"","overlay-type":"","overlay-color":"","overlay-opacity":"","overlay-gradient":""},"tablet":{"background-color":"var(--ast-global-color-4)","background-image":"","background-repeat":"repeat","background-position":"center center","background-size":"auto","background-attachment":"scroll","background-type":"","background-media":"","overlay-type":"","overlay-color":"","overlay-opacity":"","overlay-gradient":""},"mobile":{"background-color":"var(--ast-global-color-4)","background-image":"","background-repeat":"repeat","background-position":"center center","background-size":"auto","background-attachment":"scroll","background-type":"","background-media":"","overlay-type":"","overlay-color":"","overlay-opacity":"","overlay-gradient":""}},"footnotes":""},"categories":[1],"tags":[],"class_list":["post-98","post","type-post","status-publish","format-standard","hentry","category-non-classe"],"yoast_head":"<!-- This site is optimized with the Yoast SEO plugin v27.5 - https:\/\/yoast.com\/product\/yoast-seo-wordpress\/ -->\n<title>Les femmes de l&#039;\u00e9conomie - NDRC<\/title>\n<meta name=\"description\" content=\"troph\u00e9e \u00ab Les femmes de l&#039;\u00e9conomie \u00bb\" \/>\n<meta name=\"robots\" content=\"index, follow, max-snippet:-1, max-image-preview:large, max-video-preview:-1\" \/>\n<link rel=\"canonical\" href=\"https:\/\/site7.monsitecommeunpro.fr\/index.php\/2026\/05\/05\/les-femmes-de-leconomie\/\" \/>\n<meta property=\"og:locale\" content=\"fr_FR\" \/>\n<meta property=\"og:type\" content=\"article\" \/>\n<meta property=\"og:title\" content=\"Les femmes de l&#039;\u00e9conomie - NDRC\" \/>\n<meta property=\"og:description\" content=\"troph\u00e9e \u00ab Les femmes de l&#039;\u00e9conomie \u00bb\" \/>\n<meta property=\"og:url\" content=\"https:\/\/site7.monsitecommeunpro.fr\/index.php\/2026\/05\/05\/les-femmes-de-leconomie\/\" \/>\n<meta property=\"og:site_name\" content=\"NDRC\" \/>\n<meta property=\"article:published_time\" content=\"2026-05-05T08:39:27+00:00\" \/>\n<meta property=\"article:modified_time\" content=\"2026-05-05T09:04:54+00:00\" \/>\n<meta property=\"og:image\" content=\"https:\/\/site7.monsitecommeunpro.fr\/wp-content\/uploads\/2026\/05\/pexels-photo-7895765-7895765-scaled.jpg\" \/>\n\t<meta property=\"og:image:width\" content=\"2560\" \/>\n\t<meta property=\"og:image:height\" content=\"1709\" \/>\n\t<meta property=\"og:image:type\" content=\"image\/jpeg\" \/>\n<meta name=\"author\" content=\"Camille Dupr\u00e9\" \/>\n<meta name=\"twitter:card\" content=\"summary_large_image\" \/>\n<meta name=\"twitter:label1\" content=\"\u00c9crit par\" \/>\n\t<meta name=\"twitter:data1\" content=\"Camille Dupr\u00e9\" \/>\n\t<meta name=\"twitter:label2\" content=\"Dur\u00e9e de lecture estim\u00e9e\" \/>\n\t<meta name=\"twitter:data2\" content=\"2 minutes\" \/>\n<script type=\"application\/ld+json\" class=\"yoast-schema-graph\">{\"@context\":\"https:\\\/\\\/schema.org\",\"@graph\":[{\"@type\":\"Article\",\"@id\":\"https:\\\/\\\/site7.monsitecommeunpro.fr\\\/index.php\\\/2026\\\/05\\\/05\\\/les-femmes-de-leconomie\\\/#article\",\"isPartOf\":{\"@id\":\"https:\\\/\\\/site7.monsitecommeunpro.fr\\\/index.php\\\/2026\\\/05\\\/05\\\/les-femmes-de-leconomie\\\/\"},\"author\":{\"name\":\"Camille Dupr\u00e9\",\"@id\":\"https:\\\/\\\/site7.monsitecommeunpro.fr\\\/#\\\/schema\\\/person\\\/4fb43e9494bdf726b07ad301560c4a76\"},\"headline\":\"Les femmes de l&rsquo;\u00e9conomie\",\"datePublished\":\"2026-05-05T08:39:27+00:00\",\"dateModified\":\"2026-05-05T09:04:54+00:00\",\"mainEntityOfPage\":{\"@id\":\"https:\\\/\\\/site7.monsitecommeunpro.fr\\\/index.php\\\/2026\\\/05\\\/05\\\/les-femmes-de-leconomie\\\/\"},\"wordCount\":178,\"commentCount\":0,\"publisher\":{\"@id\":\"https:\\\/\\\/site7.monsitecommeunpro.fr\\\/#organization\"},\"image\":{\"@id\":\"https:\\\/\\\/site7.monsitecommeunpro.fr\\\/index.php\\\/2026\\\/05\\\/05\\\/les-femmes-de-leconomie\\\/#primaryimage\"},\"thumbnailUrl\":\"https:\\\/\\\/site7.monsitecommeunpro.fr\\\/wp-content\\\/uploads\\\/2026\\\/05\\\/pexels-photo-7895765-7895765-1024x684.jpg\",\"inLanguage\":\"fr-FR\",\"potentialAction\":[{\"@type\":\"CommentAction\",\"name\":\"Comment\",\"target\":[\"https:\\\/\\\/site7.monsitecommeunpro.fr\\\/index.php\\\/2026\\\/05\\\/05\\\/les-femmes-de-leconomie\\\/#respond\"]}]},{\"@type\":\"WebPage\",\"@id\":\"https:\\\/\\\/site7.monsitecommeunpro.fr\\\/index.php\\\/2026\\\/05\\\/05\\\/les-femmes-de-leconomie\\\/\",\"url\":\"https:\\\/\\\/site7.monsitecommeunpro.fr\\\/index.php\\\/2026\\\/05\\\/05\\\/les-femmes-de-leconomie\\\/\",\"name\":\"Les femmes de l'\u00e9conomie - NDRC\",\"isPartOf\":{\"@id\":\"https:\\\/\\\/site7.monsitecommeunpro.fr\\\/#website\"},\"primaryImageOfPage\":{\"@id\":\"https:\\\/\\\/site7.monsitecommeunpro.fr\\\/index.php\\\/2026\\\/05\\\/05\\\/les-femmes-de-leconomie\\\/#primaryimage\"},\"image\":{\"@id\":\"https:\\\/\\\/site7.monsitecommeunpro.fr\\\/index.php\\\/2026\\\/05\\\/05\\\/les-femmes-de-leconomie\\\/#primaryimage\"},\"thumbnailUrl\":\"https:\\\/\\\/site7.monsitecommeunpro.fr\\\/wp-content\\\/uploads\\\/2026\\\/05\\\/pexels-photo-7895765-7895765-1024x684.jpg\",\"datePublished\":\"2026-05-05T08:39:27+00:00\",\"dateModified\":\"2026-05-05T09:04:54+00:00\",\"description\":\"troph\u00e9e \u00ab Les femmes de l'\u00e9conomie \u00bb\",\"breadcrumb\":{\"@id\":\"https:\\\/\\\/site7.monsitecommeunpro.fr\\\/index.php\\\/2026\\\/05\\\/05\\\/les-femmes-de-leconomie\\\/#breadcrumb\"},\"inLanguage\":\"fr-FR\",\"potentialAction\":[{\"@type\":\"ReadAction\",\"target\":[\"https:\\\/\\\/site7.monsitecommeunpro.fr\\\/index.php\\\/2026\\\/05\\\/05\\\/les-femmes-de-leconomie\\\/\"]}]},{\"@type\":\"ImageObject\",\"inLanguage\":\"fr-FR\",\"@id\":\"https:\\\/\\\/site7.monsitecommeunpro.fr\\\/index.php\\\/2026\\\/05\\\/05\\\/les-femmes-de-leconomie\\\/#primaryimage\",\"url\":\"https:\\\/\\\/site7.monsitecommeunpro.fr\\\/wp-content\\\/uploads\\\/2026\\\/05\\\/pexels-photo-7895765-7895765-scaled.jpg\",\"contentUrl\":\"https:\\\/\\\/site7.monsitecommeunpro.fr\\\/wp-content\\\/uploads\\\/2026\\\/05\\\/pexels-photo-7895765-7895765-scaled.jpg\",\"width\":2560,\"height\":1709,\"caption\":\"Three young women happily walking on a pier in Portugal, enjoying a moment of friendship and joy.\"},{\"@type\":\"BreadcrumbList\",\"@id\":\"https:\\\/\\\/site7.monsitecommeunpro.fr\\\/index.php\\\/2026\\\/05\\\/05\\\/les-femmes-de-leconomie\\\/#breadcrumb\",\"itemListElement\":[{\"@type\":\"ListItem\",\"position\":1,\"name\":\"Accueil\",\"item\":\"https:\\\/\\\/site7.monsitecommeunpro.fr\\\/\"},{\"@type\":\"ListItem\",\"position\":2,\"name\":\"Les femmes de l&rsquo;\u00e9conomie\"}]},{\"@type\":\"WebSite\",\"@id\":\"https:\\\/\\\/site7.monsitecommeunpro.fr\\\/#website\",\"url\":\"https:\\\/\\\/site7.monsitecommeunpro.fr\\\/\",\"name\":\"NDRC\",\"description\":\"\",\"publisher\":{\"@id\":\"https:\\\/\\\/site7.monsitecommeunpro.fr\\\/#organization\"},\"potentialAction\":[{\"@type\":\"SearchAction\",\"target\":{\"@type\":\"EntryPoint\",\"urlTemplate\":\"https:\\\/\\\/site7.monsitecommeunpro.fr\\\/?s={search_term_string}\"},\"query-input\":{\"@type\":\"PropertyValueSpecification\",\"valueRequired\":true,\"valueName\":\"search_term_string\"}}],\"inLanguage\":\"fr-FR\"},{\"@type\":\"Organization\",\"@id\":\"https:\\\/\\\/site7.monsitecommeunpro.fr\\\/#organization\",\"name\":\"NDRC\",\"url\":\"https:\\\/\\\/site7.monsitecommeunpro.fr\\\/\",\"logo\":{\"@type\":\"ImageObject\",\"inLanguage\":\"fr-FR\",\"@id\":\"https:\\\/\\\/site7.monsitecommeunpro.fr\\\/#\\\/schema\\\/logo\\\/image\\\/\",\"url\":\"https:\\\/\\\/site7.monsitecommeunpro.fr\\\/wp-content\\\/uploads\\\/2026\\\/01\\\/cropped-Capture.jpg\",\"contentUrl\":\"https:\\\/\\\/site7.monsitecommeunpro.fr\\\/wp-content\\\/uploads\\\/2026\\\/01\\\/cropped-Capture.jpg\",\"width\":465,\"height\":330,\"caption\":\"NDRC\"},\"image\":{\"@id\":\"https:\\\/\\\/site7.monsitecommeunpro.fr\\\/#\\\/schema\\\/logo\\\/image\\\/\"}},{\"@type\":\"Person\",\"@id\":\"https:\\\/\\\/site7.monsitecommeunpro.fr\\\/#\\\/schema\\\/person\\\/4fb43e9494bdf726b07ad301560c4a76\",\"name\":\"Camille Dupr\u00e9\",\"image\":{\"@type\":\"ImageObject\",\"inLanguage\":\"fr-FR\",\"@id\":\"https:\\\/\\\/secure.gravatar.com\\\/avatar\\\/39a8a9869a731b5a7ecd86a45b271e7a7e6b1449ca5fe13704a2053685ab7b65?s=96&d=mm&r=g\",\"url\":\"https:\\\/\\\/secure.gravatar.com\\\/avatar\\\/39a8a9869a731b5a7ecd86a45b271e7a7e6b1449ca5fe13704a2053685ab7b65?s=96&d=mm&r=g\",\"contentUrl\":\"https:\\\/\\\/secure.gravatar.com\\\/avatar\\\/39a8a9869a731b5a7ecd86a45b271e7a7e6b1449ca5fe13704a2053685ab7b65?s=96&d=mm&r=g\",\"caption\":\"Camille Dupr\u00e9\"},\"url\":\"https:\\\/\\\/site7.monsitecommeunpro.fr\\\/index.php\\\/author\\\/camille-dupre\\\/\"}]}<\/script>\n<!-- \/ Yoast SEO plugin. -->","yoast_head_json":{"title":"Les femmes de l'\u00e9conomie - NDRC","description":"troph\u00e9e \u00ab Les femmes de l'\u00e9conomie \u00bb","robots":{"index":"index","follow":"follow","max-snippet":"max-snippet:-1","max-image-preview":"max-image-preview:large","max-video-preview":"max-video-preview:-1"},"canonical":"https:\/\/site7.monsitecommeunpro.fr\/index.php\/2026\/05\/05\/les-femmes-de-leconomie\/","og_locale":"fr_FR","og_type":"article","og_title":"Les femmes de l'\u00e9conomie - NDRC","og_description":"troph\u00e9e \u00ab Les femmes de l'\u00e9conomie \u00bb","og_url":"https:\/\/site7.monsitecommeunpro.fr\/index.php\/2026\/05\/05\/les-femmes-de-leconomie\/","og_site_name":"NDRC","article_published_time":"2026-05-05T08:39:27+00:00","article_modified_time":"2026-05-05T09:04:54+00:00","og_image":[{"width":2560,"height":1709,"url":"https:\/\/site7.monsitecommeunpro.fr\/wp-content\/uploads\/2026\/05\/pexels-photo-7895765-7895765-scaled.jpg","type":"image\/jpeg"}],"author":"Camille Dupr\u00e9","twitter_card":"summary_large_image","twitter_misc":{"\u00c9crit par":"Camille Dupr\u00e9","Dur\u00e9e de lecture estim\u00e9e":"2 minutes"},"schema":{"@context":"https:\/\/schema.org","@graph":[{"@type":"Article","@id":"https:\/\/site7.monsitecommeunpro.fr\/index.php\/2026\/05\/05\/les-femmes-de-leconomie\/#article","isPartOf":{"@id":"https:\/\/site7.monsitecommeunpro.fr\/index.php\/2026\/05\/05\/les-femmes-de-leconomie\/"},"author":{"name":"Camille Dupr\u00e9","@id":"https:\/\/site7.monsitecommeunpro.fr\/#\/schema\/person\/4fb43e9494bdf726b07ad301560c4a76"},"headline":"Les femmes de l&rsquo;\u00e9conomie","datePublished":"2026-05-05T08:39:27+00:00","dateModified":"2026-05-05T09:04:54+00:00","mainEntityOfPage":{"@id":"https:\/\/site7.monsitecommeunpro.fr\/index.php\/2026\/05\/05\/les-femmes-de-leconomie\/"},"wordCount":178,"commentCount":0,"publisher":{"@id":"https:\/\/site7.monsitecommeunpro.fr\/#organization"},"image":{"@id":"https:\/\/site7.monsitecommeunpro.fr\/index.php\/2026\/05\/05\/les-femmes-de-leconomie\/#primaryimage"},"thumbnailUrl":"https:\/\/site7.monsitecommeunpro.fr\/wp-content\/uploads\/2026\/05\/pexels-photo-7895765-7895765-1024x684.jpg","inLanguage":"fr-FR","potentialAction":[{"@type":"CommentAction","name":"Comment","target":["https:\/\/site7.monsitecommeunpro.fr\/index.php\/2026\/05\/05\/les-femmes-de-leconomie\/#respond"]}]},{"@type":"WebPage","@id":"https:\/\/site7.monsitecommeunpro.fr\/index.php\/2026\/05\/05\/les-femmes-de-leconomie\/","url":"https:\/\/site7.monsitecommeunpro.fr\/index.php\/2026\/05\/05\/les-femmes-de-leconomie\/","name":"Les femmes de l'\u00e9conomie - NDRC","isPartOf":{"@id":"https:\/\/site7.monsitecommeunpro.fr\/#website"},"primaryImageOfPage":{"@id":"https:\/\/site7.monsitecommeunpro.fr\/index.php\/2026\/05\/05\/les-femmes-de-leconomie\/#primaryimage"},"image":{"@id":"https:\/\/site7.monsitecommeunpro.fr\/index.php\/2026\/05\/05\/les-femmes-de-leconomie\/#primaryimage"},"thumbnailUrl":"https:\/\/site7.monsitecommeunpro.fr\/wp-content\/uploads\/2026\/05\/pexels-photo-7895765-7895765-1024x684.jpg","datePublished":"2026-05-05T08:39:27+00:00","dateModified":"2026-05-05T09:04:54+00:00","description":"troph\u00e9e \u00ab Les femmes de l'\u00e9conomie \u00bb","breadcrumb":{"@id":"https:\/\/site7.monsitecommeunpro.fr\/index.php\/2026\/05\/05\/les-femmes-de-leconomie\/#breadcrumb"},"inLanguage":"fr-FR","potentialAction":[{"@type":"ReadAction","target":["https:\/\/site7.monsitecommeunpro.fr\/index.php\/2026\/05\/05\/les-femmes-de-leconomie\/"]}]},{"@type":"ImageObject","inLanguage":"fr-FR","@id":"https:\/\/site7.monsitecommeunpro.fr\/index.php\/2026\/05\/05\/les-femmes-de-leconomie\/#primaryimage","url":"https:\/\/site7.monsitecommeunpro.fr\/wp-content\/uploads\/2026\/05\/pexels-photo-7895765-7895765-scaled.jpg","contentUrl":"https:\/\/site7.monsitecommeunpro.fr\/wp-content\/uploads\/2026\/05\/pexels-photo-7895765-7895765-scaled.jpg","width":2560,"height":1709,"caption":"Three young women happily walking on a pier in Portugal, enjoying a moment of friendship and joy."},{"@type":"BreadcrumbList","@id":"https:\/\/site7.monsitecommeunpro.fr\/index.php\/2026\/05\/05\/les-femmes-de-leconomie\/#breadcrumb","itemListElement":[{"@type":"ListItem","position":1,"name":"Accueil","item":"https:\/\/site7.monsitecommeunpro.fr\/"},{"@type":"ListItem","position":2,"name":"Les femmes de l&rsquo;\u00e9conomie"}]},{"@type":"WebSite","@id":"https:\/\/site7.monsitecommeunpro.fr\/#website","url":"https:\/\/site7.monsitecommeunpro.fr\/","name":"NDRC","description":"","publisher":{"@id":"https:\/\/site7.monsitecommeunpro.fr\/#organization"},"potentialAction":[{"@type":"SearchAction","target":{"@type":"EntryPoint","urlTemplate":"https:\/\/site7.monsitecommeunpro.fr\/?s={search_term_string}"},"query-input":{"@type":"PropertyValueSpecification","valueRequired":true,"valueName":"search_term_string"}}],"inLanguage":"fr-FR"},{"@type":"Organization","@id":"https:\/\/site7.monsitecommeunpro.fr\/#organization","name":"NDRC","url":"https:\/\/site7.monsitecommeunpro.fr\/","logo":{"@type":"ImageObject","inLanguage":"fr-FR","@id":"https:\/\/site7.monsitecommeunpro.fr\/#\/schema\/logo\/image\/","url":"https:\/\/site7.monsitecommeunpro.fr\/wp-content\/uploads\/2026\/01\/cropped-Capture.jpg","contentUrl":"https:\/\/site7.monsitecommeunpro.fr\/wp-content\/uploads\/2026\/01\/cropped-Capture.jpg","width":465,"height":330,"caption":"NDRC"},"image":{"@id":"https:\/\/site7.monsitecommeunpro.fr\/#\/schema\/logo\/image\/"}},{"@type":"Person","@id":"https:\/\/site7.monsitecommeunpro.fr\/#\/schema\/person\/4fb43e9494bdf726b07ad301560c4a76","name":"Camille Dupr\u00e9","image":{"@type":"ImageObject","inLanguage":"fr-FR","@id":"https:\/\/secure.gravatar.com\/avatar\/39a8a9869a731b5a7ecd86a45b271e7a7e6b1449ca5fe13704a2053685ab7b65?s=96&d=mm&r=g","url":"https:\/\/secure.gravatar.com\/avatar\/39a8a9869a731b5a7ecd86a45b271e7a7e6b1449ca5fe13704a2053685ab7b65?s=96&d=mm&r=g","contentUrl":"https:\/\/secure.gravatar.com\/avatar\/39a8a9869a731b5a7ecd86a45b271e7a7e6b1449ca5fe13704a2053685ab7b65?s=96&d=mm&r=g","caption":"Camille Dupr\u00e9"},"url":"https:\/\/site7.monsitecommeunpro.fr\/index.php\/author\/camille-dupre\/"}]}},"uagb_featured_image_src":{"full":false,"thumbnail":false,"medium":false,"medium_large":false,"large":false,"1536x1536":false,"2048x2048":false},"uagb_author_info":{"display_name":"Camille Dupr\u00e9","author_link":"https:\/\/site7.monsitecommeunpro.fr\/index.php\/author\/camille-dupre\/"},"uagb_comment_info":1,"uagb_excerpt":"L&rsquo;association \u00ab Les Femmes de l&rsquo;\u00e9conomie \u00bb incite les femmes \u00e0 se rencontrer \u00e0 travers des rendez-vous entre adh\u00e9rentes pour [&hellip;]","_links":{"self":[{"href":"https:\/\/site7.monsitecommeunpro.fr\/index.php\/wp-json\/wp\/v2\/posts\/98","targetHints":{"allow":["GET"]}}],"collection":[{"href":"https:\/\/site7.monsitecommeunpro.fr\/index.php\/wp-json\/wp\/v2\/posts"}],"about":[{"href":"https:\/\/site7.monsitecommeunpro.fr\/index.php\/wp-json\/wp\/v2\/types\/post"}],"author":[{"embeddable":true,"href":"https:\/\/site7.monsitecommeunpro.fr\/index.php\/wp-json\/wp\/v2\/users\/2"}],"replies":[{"embeddable":true,"href":"https:\/\/site7.monsitecommeunpro.fr\/index.php\/wp-json\/wp\/v2\/comments?post=98"}],"version-history":[{"count":3,"href":"https:\/\/site7.monsitecommeunpro.fr\/index.php\/wp-json\/wp\/v2\/posts\/98\/revisions"}],"predecessor-version":[{"id":103,"href":"https:\/\/site7.monsitecommeunpro.fr\/index.php\/wp-json\/wp\/v2\/posts\/98\/revisions\/103"}],"wp:attachment":[{"href":"https:\/\/site7.monsitecommeunpro.fr\/index.php\/wp-json\/wp\/v2\/media?parent=98"}],"wp:term":[{"taxonomy":"category","embeddable":true,"href":"https:\/\/site7.monsitecommeunpro.fr\/index.php\/wp-json\/wp\/v2\/categories?post=98"},{"taxonomy":"post_tag","embeddable":true,"href":"https:\/\/site7.monsitecommeunpro.fr\/index.php\/wp-json\/wp\/v2\/tags?post=98"}],"curies":[{"name":"wp","href":"https:\/\/api.w.org\/{rel}","templated":true}]}}